{"id":507,"date":"2014-07-18T20:58:35","date_gmt":"2014-07-18T19:58:35","guid":{"rendered":"http:\/\/eurovizyon.de\/?p=507"},"modified":"2014-07-26T03:33:10","modified_gmt":"2014-07-26T02:33:10","slug":"sah-mat","status":"publish","type":"post","link":"http:\/\/eurovizyon.de\/?p=507","title":{"rendered":"\u015eAH MAT !"},"content":{"rendered":"<p style=\"text-align: justify;\"><strong>\u00dclkemde bir se\u00e7im oyunu daha sergileniyor. Ad\u0131na\u2019da demolratik se\u00e7im diyorlar. Art\u0131k ne kadar demokratikse.<\/strong><\/p>\n<p style=\"text-align: justify;\">Yurt d\u0131\u015f\u0131ndan bakt\u0131\u011f\u0131mda Film seyreder gibi izliyorum<strong><img decoding=\"async\" loading=\"lazy\" class=\"alignleft size-medium wp-image-508\" style=\"border: 3px solid black; margin: 3px;\" title=\"Unbenannt-4\" src=\"http:\/\/eurovizyon.de\/wp-content\/uploads\/2014\/07\/Unbenannt-4-300x225.jpg\" alt=\"Unbenannt-4\" width=\"300\" height=\"225\" srcset=\"http:\/\/eurovizyon.de\/wp-content\/uploads\/2014\/07\/Unbenannt-4-300x225.jpg 300w, http:\/\/eurovizyon.de\/wp-content\/uploads\/2014\/07\/Unbenannt-4.jpg 600w\" sizes=\"(max-width: 300px) 100vw, 300px\" \/><\/strong> \u00e7ekimi yap\u0131lan bu Filmi. Senaryosu AKP taraf\u0131ndan yaz\u0131lm\u0131\u015f Ba\u015f rolde Recep tayip erdo\u011fan, ve oyuncular K\u0131l\u0131\u00e7taro\u011flu\u00a0 bu senaryoyu yazan AKP HDP ve Ba\u015f oyuncusu Recep tayip Erdo\u011fan. Yard\u0131mc\u0131 oyuncu Demirta\u015f k\u00fc\u00e7\u00fck rollerde K\u0131l\u0131\u00e7taro\u011flu ve Bah\u00e7eli. <strong> <\/strong><\/p>\n<p style=\"text-align: justify;\"><strong>CHP ve MHP nin yanl\u0131\u015f stratejisi; <\/strong>CHP ve ya MHP liler her zamanki refleksleriyle &#8220;oylar\u0131 b\u00f6lmeyin, oylar\u0131 b\u00f6lmeyin, diye a\u011flamaya ba\u015flad\u0131lar. Ve islam \u00f6rg\u00fct\u00fc ba\u015fkan\u0131n\u0131 tek \u00c7at\u0131 Cumhurba\u015fkan\u0131 aday\u0131 olarak piyasaya s\u00fcrd\u00fcler. Ne olurdu CHP, MHP kendi adaylar\u0131n\u0131 \u00e7\u0131karsa idi? insanlardaki Cumhurba\u015fkan\u0131 se\u00e7imine kat\u0131lma motivasyonunu \u00f6ld\u00fcrmemi\u015f, herkese kendi ideal cumhurba\u015fkan\u0131 aday\u0131n\u0131 destekleme imkan\u0131 vermi\u015f olurlard\u0131.\u00a0 Kat\u0131l\u0131m\u0131n artmas\u0131 Tayip Erdo\u011fan\u0131n ilk turda se\u00e7ilmesini zorla\u015ft\u0131r\u0131r ikinci turda halk\u0131n iki aday aras\u0131nda karar vermesine yol a\u00e7ard\u0131. <strong>Art\u0131k \u00e7ok ge\u00e7. <\/strong>Yap\u0131labilecek tek \u015fey se\u00e7imleri boykot etmek.\u00a0 % 51 ve fazlas\u0131n\u0131n\u00a0 sand\u0131\u011fa gitmeyerek boykot etmesi\u00a0 durumunda %49 ve ya daha az\u0131 ile se\u00e7ilmi\u015f olan Cumhur Ba\u015fkan\u0131 sorgulanacakt\u0131r. <strong>SANDI\u011eA G\u0130TMEMEK EN \u0130Y\u0130 \u00c7\u00d6Z\u00dcM. <\/strong><\/p>\n<p style=\"text-align: justify;\">Y\u00fcksek\u00a0Se\u00e7im Kurulu, zaten AKP yazd\u0131\u011f\u0131 senaryonun ger\u00e7ekle\u015febilmesi i\u00e7in Cumhurba\u015fkanl\u0131\u011f\u0131 se\u00e7iminde oy kullanacak se\u00e7men say\u0131s\u0131n\u0131n,\u00a0yurti\u00e7inde 53 milyon 354 bin 423, yurtd\u0131\u015f\u0131nda ise 2 milyon 806 bin 114 oldu Kurul Ba\u015fkan\u0131\u2019n\u0131n a\u00e7\u0131klamas\u0131na g\u00f6re, se\u00e7imin ilk turu i\u00e7in bast\u0131r\u0131lacak oy\u00a0pusulas\u0131 say\u0131s\u0131 73 milyon 849 bin 80 adet. Yani se\u00e7imin ilk turu i\u00e7in bas\u0131lacak oy pusulalar\u0131n\u0131n say\u0131s\u0131, se\u00e7men say\u0131s\u0131ndan\u00a017 milyon 688 bin 543 adet fazla!<\/p>\n<p style=\"text-align: justify;\"><strong>Neden?<\/strong><strong> <\/strong><strong>Mant\u0131kl\u0131 bir nedeni var m\u0131 bu kadar fazla oy pusulas\u0131 basman\u0131n? <\/strong>Se\u00e7menlerin ka\u00e7 sand\u0131kta oy kullanaca\u011f\u0131, her sand\u0131kta ka\u00e7 se\u00e7menin kay\u0131tl\u0131\u00a0oldu\u011fu bir s\u0131r de\u011fil, biliniyor. AKP se\u00e7meni d\u0131\u015f\u0131ndaki kitle i\u00e7in bakarsak, en basit mant\u0131kla Erdo\u011fan&#8217;\u0131n oyunu artt\u0131r\u0131p ilk turdan %50&#8217;yi ge\u00e7me ihtimalini y\u00fckseltti demektir.<\/p>\n<p style=\"text-align: justify;\"><strong> <\/strong><\/p>\n<p style=\"text-align: justify;\"><strong>Neden?<\/strong><strong> <\/strong><strong>Mant\u0131kl\u0131 bir nedeni var m\u0131 bu kadar fazla oy pusulas\u0131 basman\u0131n? <\/strong>Se\u00e7menlerin ka\u00e7 sand\u0131kta oy kullanaca\u011f\u0131, her sand\u0131kta ka\u00e7 se\u00e7menin kay\u0131tl\u0131\u00a0oldu\u011fu bir s\u0131r de\u011fil, biliniyor. AKP se\u00e7meni d\u0131\u015f\u0131ndaki kitle i\u00e7in bakarsak, en basit mant\u0131kla Erdo\u011fan&#8217;\u0131n oyunu artt\u0131r\u0131p ilk turdan %50&#8217;yi ge\u00e7me ihtimalini y\u00fckseltti demektir.<\/p>\n<p style=\"text-align: justify;\">\u00dclkemin vatan\u0131n\u0131 seven, yurtda\u015flar\u0131; Ne Tayip, Ne Ekmeleddin ne de Demirta\u015f. \u00dc\u00e7\u00fcn\u00fc birden boykot ederseniz g\u00f6receksiniz ki o y\u00fcce makama se\u00e7ilmi\u015f olan hi\u00e7 bir aday o makamda rahat oturam\u0131yacakt\u0131r.<\/p>\n<p style=\"text-align: justify;\">D\u00fcnyan\u0131n hi\u00e7 bir yerinde en az se\u00e7men say\u0131s\u0131n\u0131n %51 nin sand\u0131\u011f\u0131 boykot etti\u011fi bir se\u00e7im demokratik olarak kabul g\u00f6rmez. H\u0131rs\u0131zl\u0131kla su\u00e7lanan bir aday\u0131n aklanmadan o y\u00fcce makama aday olmas\u0131 bile \u00dclkem i\u00e7in b\u00fcy\u00fck bir ay\u0131pt\u0131r. \u00dclkenin b\u00f6l\u00fcnmesini savunan di\u011fer bir aday\u0131n Cuhur Ba\u015fkanl\u0131\u011f\u0131na aday olmas\u0131 daha b\u00fcy\u00fck bir utanmazl\u0131kt\u0131r. \u00c7at\u0131 aday form\u00fcl\u00fc ile g\u00fcndeme oturan muhalefet partilerinin\u2019de ne kadar demokratik oldu\u011fu sorgulanmal\u0131d\u0131r.<\/p>\n<p style=\"text-align: justify;\">Ba\u015fkanl\u0131k ve ya yar\u0131 Ba\u015fkanl\u0131k sistemi ile y\u00f6netilen demokratik \u00fclkelerde Cumhur ba\u015fkanl\u0131\u011f\u0131 se\u00e7imleri iki turlu yap\u0131l\u0131r ve ilk turda onlarca aday \u00a0aras\u0131ndan en \u00e7ok oyu alan iki ki\u015fi ikinci turda se\u00e7menin kar\u015f\u0131s\u0131na \u00e7\u0131kart\u0131l\u0131rlar. Kendi destekledi\u011fi aday\u0131n\u0131n ilk turda elenmesi \u00fczerine halk iki adaydan birini se\u00e7me \u015fans\u0131na sahiptir.<\/p>\n<p style=\"text-align: justify;\">Bu uygulaman\u0131n d\u0131\u015f\u0131ndaki bir se\u00e7im sistemi sadece ve sadece bir Diktat\u00f6r se\u00e7ecektir.\u00a0 Bu sebeple halk\u0131n akl\u0131 selim davranarak <span style=\"color: #ff0000;\"><strong><img decoding=\"async\" loading=\"lazy\" class=\"alignright size-medium wp-image-511\" style=\"border: 3px solid black; margin: 3px;\" title=\"ihsanoglu-ailesi-fotograf-\" src=\"http:\/\/eurovizyon.de\/wp-content\/uploads\/2014\/07\/ihsanoglu-ailesi-fotograf--300x168.jpg\" alt=\"ihsanoglu-ailesi-fotograf-\" width=\"300\" height=\"168\" srcset=\"http:\/\/eurovizyon.de\/wp-content\/uploads\/2014\/07\/ihsanoglu-ailesi-fotograf--300x168.jpg 300w, http:\/\/eurovizyon.de\/wp-content\/uploads\/2014\/07\/ihsanoglu-ailesi-fotograf-.Jpeg 606w\" sizes=\"(max-width: 300px) 100vw, 300px\" \/>Sand\u0131\u011f\u0131 boykot etmesi ve se\u00e7imlere kat\u0131lmamas\u0131 gerekir diyece\u011fim demesine\u2018<\/strong><strong>de korkuyorum.<\/strong><\/span> \u00dclkemin bir daha \u00e7\u0131kamayaca\u011f\u0131 bir karanl\u0131\u011f\u0131n i\u00e7ine s\u00fcr\u00fcklenmesinden korkuyorum. \u015eimdiki Ba\u015fbakan\u0131m\u0131z\u0131n Cumhur ba\u015fkanl\u0131\u011f\u0131na se\u00e7ilememesinin tek yolu san\u0131r\u0131m ne kadar istemesek te Ekmeleddin beye destek vermekten ge\u00e7iyor. Se\u00e7imlere kat\u0131l\u0131m en y\u00fcksek oranda olmal\u0131 s\u00f6z konusu Vatan\u2019sa gerisi teferruat\u2019t\u0131r. Tayip beyin Cumhur ba\u015fkanl\u0131\u011f\u0131 yapaca\u011f\u0131 bir T\u00fcrkiye uykular\u0131m\u0131 ka\u00e7\u0131r\u0131yor. Kendi mezhebinin d\u0131\u015f\u0131ndakileri yok sayan belkide kendi mezhebine bile inanmayan devaml\u0131 takkiye yapan bir insanla kar\u015f\u0131 kar\u015f\u0131yay\u0131z. Mevcut televizyonlar\u0131n neredeyse tamam\u0131 Ramazan \u00f6zel programlar\u0131 ile sabahlara kadar yay\u0131n yap\u0131yorlar. Bu \u00fclkede Yirmi milyon Alevi, 5 Milyon dan fazla \u015eafii, Caferi, 2 Milyon Hiristian Ortodoks, S\u00fcryani, vbg. Vatanda\u015f\u0131n ya\u015fad\u0131\u011f\u0131 unutulmu\u015f. \u00dclkemizi Sudi Arabistana \u00e7evirmek isteyen \u00a0bir inasan her g\u00fcn televizyonlarda at\u0131p tutuyor. Devletin paras\u0131 ile se\u00e7im kampanyas\u0131 yap\u0131yor.\u00a0 T\u00fcm karanl\u0131k g\u00fc\u00e7leri arkas\u0131na alm\u0131\u015f benden ba\u015fka birini se\u00e7me \u015fans\u0131n\u0131z yok dercesine at\u0131p tutuyor.<\/p>\n<p style=\"text-align: justify;\"><strong>EY \u00dcLKEM\u0130N G\u00dcZEL \u0130NSANLARI BU OYUNA GELMEY\u0130N. \u0130STEMESEN\u0130ZDE S\u0130Z\u0130N ANLAYI\u015eINIZA H\u0130TAP ETMESEDE SADECE TAY\u0130P&#8217;TEN KURTULMANIN YOLU OLARAK \u00c7ATI ADAYI&#8217;NI\u00a0 DESTEKLEY\u0130N. SON P\u0130\u015eMANLIK FAYEA ETMEYECEKT\u0130R. EN AZINDAN BU SEFER\u00a0 <span style=\"color: #ff0000;\">\u015eAH MAT DEMEL\u0130Y\u0130Z.<\/span><\/strong><\/p>\n<p><span style=\"color: #000000;\">Mehmet Tevfik \u00d6zkartal<\/span><\/p>\n<p><strong><span style=\"color: #ff0000;\"><br \/>\n<\/span><\/strong><\/p>\n","protected":false},"excerpt":{"rendered":"<p>\u00dclkemde bir se\u00e7im oyunu daha sergileniyor. Ad\u0131na\u2019da demolratik se\u00e7im diyorlar. Art\u0131k ne kadar demokratikse. Yurt d\u0131\u015f\u0131ndan bakt\u0131\u011f\u0131mda Film seyreder gibi izliyorum \u00e7ekimi yap\u0131lan bu Filmi. Senaryosu AKP taraf\u0131ndan yaz\u0131lm\u0131\u015f Ba\u015f rolde Recep tayip erdo\u011fan, ve oyuncular K\u0131l\u0131\u00e7taro\u011flu\u00a0 bu senaryoyu yazan &hellip; <a href=\"http:\/\/eurovizyon.de\/?p=507\">Okumaya devam et <span class=\"meta-nav\">&rarr;<\/span><\/a><\/p>\n","protected":false},"author":1,"featured_media":0,"comment_status":"open","ping_status":"open","sticky":false,"template":"","format":"standard","meta":[],"categories":[1],"tags":[],"_links":{"self":[{"href":"http:\/\/eurovizyon.de\/index.php?rest_route=\/wp\/v2\/posts\/507"}],"collection":[{"href":"http:\/\/eurovizyon.de\/index.php?rest_route=\/wp\/v2\/posts"}],"about":[{"href":"http:\/\/eurovizyon.de\/index.php?rest_route=\/wp\/v2\/types\/post"}],"author":[{"embeddable":true,"href":"http:\/\/eurovizyon.de\/index.php?rest_route=\/wp\/v2\/users\/1"}],"replies":[{"embeddable":true,"href":"http:\/\/eurovizyon.de\/index.php?rest_route=%2Fwp%2Fv2%2Fcomments&post=507"}],"version-history":[{"count":4,"href":"http:\/\/eurovizyon.de\/index.php?rest_route=\/wp\/v2\/posts\/507\/revisions"}],"predecessor-version":[{"id":510,"href":"http:\/\/eurovizyon.de\/index.php?rest_route=\/wp\/v2\/posts\/507\/revisions\/510"}],"wp:attachment":[{"href":"http:\/\/eurovizyon.de\/index.php?rest_route=%2Fwp%2Fv2%2Fmedia&parent=507"}],"wp:term":[{"taxonomy":"category","embeddable":true,"href":"http:\/\/eurovizyon.de\/index.php?rest_route=%2Fwp%2Fv2%2Fcategories&post=507"},{"taxonomy":"post_tag","embeddable":true,"href":"http:\/\/eurovizyon.de\/index.php?rest_route=%2Fwp%2Fv2%2Ftags&post=507"}],"curies":[{"name":"wp","href":"https:\/\/api.w.org\/{rel}","templated":true}]}}