{"id":549,"date":"2015-04-03T19:05:25","date_gmt":"2015-04-03T18:05:25","guid":{"rendered":"http:\/\/eurovizyon.de\/?p=549"},"modified":"2023-03-11T13:05:54","modified_gmt":"2023-03-11T12:05:54","slug":"bir-kayip-daha","status":"publish","type":"post","link":"http:\/\/eurovizyon.de\/?p=549","title":{"rendered":"Bir kay\u0131p daha"},"content":{"rendered":"<p style=\"text-align: justify;\"><strong>T\u00fcrk m\u00fczi\u011finin ac\u0131 kayb\u0131. Pop m\u00fczi\u011finin b\u00fcy\u00fck ustas\u0131 Kayahan Acar ya\u015fam\u0131n\u0131 yitirdi diye t\u00fcm haberlerde g\u00f6r\u00fcnce inanas\u0131m gelmedi.<\/strong> <img decoding=\"async\" loading=\"lazy\" class=\"alignleft size-full wp-image-550\" style=\"border: 4px solid black; margin: 4px;\" title=\"Kazahan_02\" src=\"http:\/\/eurovizyon.de\/wp-content\/uploads\/2015\/04\/Kazahan_02.jpg\" alt=\"Kazahan_02\" width=\"264\" height=\"263\" srcset=\"http:\/\/eurovizyon.de\/wp-content\/uploads\/2015\/04\/Kazahan_02.jpg 550w, http:\/\/eurovizyon.de\/wp-content\/uploads\/2015\/04\/Kazahan_02-150x150.jpg 150w, http:\/\/eurovizyon.de\/wp-content\/uploads\/2015\/04\/Kazahan_02-300x299.jpg 300w\" sizes=\"(max-width: 264px) 100vw, 264px\" \/>T\u00fcrk pop m\u00fczi\u011fine y\u00fczlerce eser b\u0131rakan S\u00f6z yazar\u0131, Yorumcu, Bestekar bu b\u00fcy\u00fck ustan\u0131n aniden, \u00e7ok erken aram\u0131zdan ayr\u0131l\u0131\u015f\u0131 beni derinden yaralad\u0131. Seksenli y\u0131llara damgas\u0131n\u0131 vuran Kayahan; 1981 de Can\u0131m S\u0131k\u0131l\u0131yor can\u0131m, 1988 de Benim \u015fark\u0131lar\u0131m, 1989 da Benim \u015fark\u0131lar\u0131m 2 ile hayat\u0131m\u0131za girmi\u015fti. B\u00fcy\u00fck sanat\u00e7\u0131\u2018n\u0131n aram\u0131zdan ayr\u0131l\u0131\u015f\u0131n\u0131 farkl\u0131 yorumlayaca\u011f\u0131m. Milyonlarca insan\u0131n g\u00f6nl\u00fcne girmi\u015f ve orada taht kurmu\u015f g\u00fczel insanlar\u0131, sevgi i\u00e7in ya\u015fayan canlar\u0131 Tanr\u0131 erkenden yan\u0131na al\u0131yor. Bu ac\u0131mas\u0131z d\u00fcnyada daha fazla ac\u0131 \u00e7ekmesinler daha fazla y\u0131pranmas\u0131nlar diye. Bir \u015fekilde koruma alt\u0131na al\u0131yor gibi geliyor bana.<!--more--><\/p>\n<p style=\"text-align: justify;\">1990 y\u0131l\u0131nda baca\u011f\u0131nda \u00e7\u0131kan ya\u011f bezesine bakt\u0131rmak i\u00e7in gitti\u011fi hastanede kansere yakaland\u0131\u011f\u0131 fark edilen ve doktorlar\u0131n alt\u0131 ay \u00f6m\u00fcr bi\u00e7ti\u011fi Kayahan Acar y\u0131lmadan ba\u015flad\u0131\u011f\u0131 misyonu bitirebilme ad\u0131na pes etmeden direnmi\u015f bu melun hastal\u0131\u011f\u0131 yenmeyi ba\u015farm\u0131\u015ft\u0131. 11 y\u0131l aradan sonra ayn\u0131 yerden n\u00fcksetti\u011finde de moralini bozmadan b\u00fcy\u00fck bir inan\u00e7la ge\u00e7irdi\u011fi d\u00f6rt ameliyat ve radyoterapi tedavisi sonucu tekrardan sa\u011fl\u0131\u011f\u0131na kavu\u015fmu\u015ftu. Ba\u015flad\u0131\u011f\u0131 b\u00fcy\u00fck i\u015fleri sonu\u00e7land\u0131rana kadar\u00a0 inanc\u0131n\u0131 yitirmeden ya\u015fam\u0131\u015f Ustal\u0131\u011f\u0131na yak\u0131\u015f\u0131r eserlerini halk\u0131n\u0131n be\u011fenisine sunmu\u015ftu. En b\u00fcy\u00fck ba\u015far\u0131s\u0131n\u0131 1990 y\u0131l\u0131nda \u00e7\u0131kart\u0131\u011f\u0131 \u2018\u2018 Yemin Ettim\u2018\u2018 Alb\u00fcm\u00fc<img decoding=\"async\" loading=\"lazy\" class=\"alignright size-full wp-image-551\" style=\"border: 4px solid black; margin: 4px;\" title=\"Kazahan_01\" src=\"http:\/\/eurovizyon.de\/wp-content\/uploads\/2015\/04\/Kazahan_01.jpg\" alt=\"Kazahan_01\" width=\"269\" height=\"202\" srcset=\"http:\/\/eurovizyon.de\/wp-content\/uploads\/2015\/04\/Kazahan_01.jpg 480w, http:\/\/eurovizyon.de\/wp-content\/uploads\/2015\/04\/Kazahan_01-300x225.jpg 300w\" sizes=\"(max-width: 269px) 100vw, 269px\" \/> ile yukar\u0131 daha yukar\u0131, g\u00fczel daha g\u00fczeli yapma u\u011fruna devaml\u0131 \u00e7al\u0131\u015fan b\u00fcy\u00fck usta daha sonralar\u0131 &#8220;Benim \u015fark\u0131lar\u0131m&#8221;, &#8220;Siyah I\u015f\u0131klar&#8221;, &#8220;Odalarda I\u015f\u0131ks\u0131z\u0131m&#8221;, &#8220;Son \u015eark\u0131lar\u0131m&#8221;, &#8220;Benim Penceremden&#8221;, &#8220;Can\u0131m\u0131n Yapraklar\u0131&#8221;, &#8220;Emrin Olur&#8221;, &#8220;Beni Azad Et&#8221;, &#8220;G\u00f6n\u00fcl Sayfam&#8221;, &#8220;Ne Oldu Can&#8221;, &#8220;Kelebe\u011fin \u015eans\u0131&#8221;, &#8220;Birici\u011fime&#8221; ve &#8220;365 G\u00fcn&#8221; isimli alb\u00fcmleri sevenleri ile bulu\u015fturdu. &#8220;Sar\u0131 \u015eekerim&#8221;, &#8220;Vazge\u00e7mem&#8221;, &#8220;Aman&#8221;, &#8220;Ben Anadolu \u00c7ocu\u011fuyum&#8221;, &#8220;Allah&#8217;\u0131m Neydi G\u00fcnah\u0131m&#8221;, &#8220;Emrin Olur&#8221;, &#8220;Bir A\u015fk Hikayesi&#8221;, &#8220;Beni Azad Et&#8221;, &#8220;\u00d6lmem mi Laz\u0131m&#8221;, &#8220;Tek Delikli Kaval&#8221;, &#8220;G\u00f6zlerinin Hapsindeyim&#8221; isimli \u015fark\u0131lar\u0131 Nil\u00fcfer&#8217;in yan\u0131 s\u0131ra pek \u00e7ok \u00fcnl\u00fc sanat\u00e7\u0131 taraf\u0131ndan yorumland\u0131. \u00d6mr\u00fcn\u00fcn b\u00fcy\u00fck bir k\u0131sm\u0131n\u0131 S\u00f6z yazar\u0131, yorumcu, bestekar olarak ge\u00e7iren usta meslekta\u015flar\u0131n\u0131n\u2019da hakk\u0131n\u0131 korumak ad\u0131na M\u00fcyap\u2019\u0131n ba\u015far\u0131l\u0131 olabilmesi a\u0131d\u0131na y\u0131lmadan \u00e7al\u0131\u015ft\u0131 durdu.<\/p>\n<p style=\"text-align: justify;\">Yolu sevgiden ge\u00e7en herkesle bir g\u00fcn mutlaka bulu\u015furuz <img decoding=\"async\" loading=\"lazy\" class=\"alignleft size-full wp-image-552\" style=\"border: 4px solid black; margin: 4px;\" title=\"Kazahan_03\" src=\"http:\/\/eurovizyon.de\/wp-content\/uploads\/2015\/04\/Kazahan_03.jpg\" alt=\"Kazahan_03\" width=\"308\" height=\"174\" srcset=\"http:\/\/eurovizyon.de\/wp-content\/uploads\/2015\/04\/Kazahan_03.jpg 550w, http:\/\/eurovizyon.de\/wp-content\/uploads\/2015\/04\/Kazahan_03-300x169.jpg 300w\" sizes=\"(max-width: 308px) 100vw, 308px\" \/>diyerek yola \u00e7\u0131kan usta, T\u00fcrkiyenin cennet k\u00f6\u015felerinden biri olan G\u00f6me\u00e7\u2019in Sevgi k\u00f6y\u00fcne yerle\u015fti. Sokak isimlerinin b\u00fcy\u00fck ustan\u0131n eserlerinden olu\u015ftu\u011fu sevgi k\u00f6y\u00fc \u015fimdi en b\u00fcy\u00fck a\u015f\u0131\u011f\u0131n\u0131 u\u011furluyor son yolculu\u011funa. B\u00fcy\u00fck usta milyonlar\u0131n g\u00f6nl\u00fcnde kurdu\u011fun bu sevgi seli seninle. Sen her zaman oldu\u011fu gibi \u0130nsana, Do\u011faya, Hayvanlara g\u00f6sterdi\u011fin sevgi ve eserlerin ile aram\u0131zda ya\u015fayacaks\u0131n. Gitti\u011fin yer Tanr\u0131n\u0131n kat\u0131nda Cennetten bir k\u00f6\u015fe. Huzur ve \u0131\u015f\u0131klar i\u00e7inde uyu. \u0130nan\u0131yorum ki Tanr\u0131n\u0131n rahmeti zaten \u00fczerinde g\u00fczel \u0130nsan. Bir g\u00fcn mutlaka bir daha sevginin hakim oldu\u011fu \u0130nsan gibi insanlar\u0131n ya\u015fad\u0131\u011f\u0131 bir d\u00fcnyada bulu\u015faca\u011f\u0131z.<\/p>\n<p style=\"text-align: justify;\">\n<p style=\"text-align: justify;\">Mehmet Tevfik \u00d6zkartal<\/p>\n","protected":false},"excerpt":{"rendered":"<p>T\u00fcrk m\u00fczi\u011finin ac\u0131 kayb\u0131. Pop m\u00fczi\u011finin b\u00fcy\u00fck ustas\u0131 Kayahan Acar ya\u015fam\u0131n\u0131 yitirdi diye t\u00fcm haberlerde g\u00f6r\u00fcnce inanas\u0131m gelmedi. T\u00fcrk pop m\u00fczi\u011fine y\u00fczlerce eser b\u0131rakan S\u00f6z yazar\u0131, Yorumcu, Bestekar bu b\u00fcy\u00fck ustan\u0131n aniden, \u00e7ok erken aram\u0131zdan ayr\u0131l\u0131\u015f\u0131 beni derinden yaralad\u0131. Seksenli &hellip; <a href=\"http:\/\/eurovizyon.de\/?p=549\">Okumaya devam et <span class=\"meta-nav\">&rarr;<\/span><\/a><\/p>\n","protected":false},"author":1,"featured_media":0,"comment_status":"open","ping_status":"open","sticky":false,"template":"","format":"standard","meta":[],"categories":[1,9],"tags":[],"_links":{"self":[{"href":"http:\/\/eurovizyon.de\/index.php?rest_route=\/wp\/v2\/posts\/549"}],"collection":[{"href":"http:\/\/eurovizyon.de\/index.php?rest_route=\/wp\/v2\/posts"}],"about":[{"href":"http:\/\/eurovizyon.de\/index.php?rest_route=\/wp\/v2\/types\/post"}],"author":[{"embeddable":true,"href":"http:\/\/eurovizyon.de\/index.php?rest_route=\/wp\/v2\/users\/1"}],"replies":[{"embeddable":true,"href":"http:\/\/eurovizyon.de\/index.php?rest_route=%2Fwp%2Fv2%2Fcomments&post=549"}],"version-history":[{"count":12,"href":"http:\/\/eurovizyon.de\/index.php?rest_route=\/wp\/v2\/posts\/549\/revisions"}],"predecessor-version":[{"id":2953,"href":"http:\/\/eurovizyon.de\/index.php?rest_route=\/wp\/v2\/posts\/549\/revisions\/2953"}],"wp:attachment":[{"href":"http:\/\/eurovizyon.de\/index.php?rest_route=%2Fwp%2Fv2%2Fmedia&parent=549"}],"wp:term":[{"taxonomy":"category","embeddable":true,"href":"http:\/\/eurovizyon.de\/index.php?rest_route=%2Fwp%2Fv2%2Fcategories&post=549"},{"taxonomy":"post_tag","embeddable":true,"href":"http:\/\/eurovizyon.de\/index.php?rest_route=%2Fwp%2Fv2%2Ftags&post=549"}],"curies":[{"name":"wp","href":"https:\/\/api.w.org\/{rel}","templated":true}]}}