{"id":570,"date":"2015-05-14T16:40:06","date_gmt":"2015-05-14T15:40:06","guid":{"rendered":"http:\/\/eurovizyon.de\/?p=570"},"modified":"2023-12-17T02:48:08","modified_gmt":"2023-12-17T01:48:08","slug":"secime-bes-kala-adi-ozgurluk","status":"publish","type":"post","link":"http:\/\/eurovizyon.de\/?p=570","title":{"rendered":"Se\u00e7ime be\u015f kala Ad\u0131 \u00d6zg\u00fcrl\u00fck"},"content":{"rendered":"<p style=\"text-align: justify;\"><strong>Paket programlar halinde haz\u0131rlanan imajlar sat\u0131l\u0131yor bu \u00fclkede insanlara; Bir k\u0131sm\u0131 Bir elinde Kuran, di\u011fer elinde haram lokma tutan.&nbsp;Bir k\u0131sm\u0131 d\u00fcne kadar, Milliyet\u00e7iyim diyerek be\u015f y\u0131l boyunca, AKP ye koltuk de\u011fne\u011fi olan. Di\u011fer bir k\u0131sm\u0131 ba\u015fka tarafta sloganlar\u0131yla, k\u0131l\u0131k k\u0131yafetleriyle, danslar\u0131yla hatta yiyecekleri <\/strong><strong><img decoding=\"async\" loading=\"lazy\" class=\"alignleft size-medium wp-image-571\" style=\"border: 4px solid black; margin: 4px;\" title=\"0003\" src=\"http:\/\/eurovizyon.de\/wp-content\/uploads\/2015\/05\/0003-247x300.jpg\" alt=\"0003\" width=\"138\" height=\"168\" srcset=\"http:\/\/eurovizyon.de\/wp-content\/uploads\/2015\/05\/0003-247x300.jpg 247w, http:\/\/eurovizyon.de\/wp-content\/uploads\/2015\/05\/0003.jpg 450w\" sizes=\"(max-width: 138px) 100vw, 138px\" \/><\/strong><strong>ve i\u00e7ecekleriyle. \u00d6zg\u00fcrl\u00fck kavram\u0131n\u0131\u2018da katarak senaryolar\u0131nda insanlar\u0131 \u015fucu bucu olmaya zorluyor.<\/strong><\/p>\n<p style=\"text-align: justify;\"><strong>\u00d6zg\u00fcrl\u00fc\u011f\u00fcn tan\u0131m\u0131 bu kavramdan ne anlad\u0131\u011f\u0131n\u0131za ve bu kavrama ne gibi anlamlar y\u00fckledi\u011finize ba\u011fl\u0131 olarak de\u011fi\u015fir. \u00d6zg\u00fcrl\u00fck, kimileri i\u00e7in ba\u011f\u0131ms\u0131zl\u0131k demekken, kimileri i\u00e7in e\u015fitlik, kimileri i\u00e7in gizlilik, kimileri i\u00e7in ise sorumluluk anlam\u0131na gelebiliyor. Avrupada 17. y\u00fczy\u0131lda yay\u0131nlanan \u0130nsan Haklar\u0131 Bildirgesi\u2019ne G\u00f6re ise \u00f6zg\u00fcrl\u00fck, ki\u015finin bir ba\u015fkas\u0131na zarar vermeden her\u015feyi yapabilmesidir. Bu g\u00fcn ise Hukuk devleti ilkesine ba\u011fl\u0131, \u00e7a\u011fda\u015f devletlerde ki\u015filerin temel hak ve \u00f6zg\u00fcrl\u00fckleri, anayasal g\u00fcvence alt\u0131ndad\u0131r.<\/strong><\/p>\n<p style=\"text-align: justify;\"><strong>Nedir sahip oldu\u011fumuz temel hak ve \u00f6zg\u00fcrl\u00fckler? \u00c7a\u011fda\u015f demokrasilerde bireysel \u00f6zg\u00fcrl\u00fckler, \u00f6zel bir de\u011fer ve \u00f6nem kazanm\u0131\u015ft\u0131r; art\u0131k bireysel \u00f6zg\u00fcrl\u00fcklere devletin ve hi\u00e7 kimsenin kar\u0131\u015fmas\u0131 s\u00f6z konusu de\u011fildir ve olmamal\u0131d\u0131r. \u201c\u00d6zg\u00fcrl\u00fck, ba\u015fkas\u0131na ve vatana zarar\u0131 dokunmayacak her t\u00fcrl\u00fc tasarrufta bulunmakt\u0131r\u201d B\u00fct\u00fcn bu haklara ba\u011fl\u0131 olarak kendi topraklar\u0131m\u0131zda kendi denizimizden faydalanmak i\u00e7in yabanc\u0131 bir \u00fclkeden gelen bir turistten daha fazla para \u00f6deyerek tatil yapabiliyorsak, Kendi \u00fclkemiz\u2019de bile yabanc\u0131 turistler kadar sayg\u0131 g\u00f6rm\u00fcyorsak \u00f6zg\u00fcr say\u0131l\u0131r m\u0131y\u0131z? \u201cParas\u0131 olmayan ne yaps\u0131n, hangi tatilden bahsediyorsun?\u201d diyenlerinizi duyuyorum.<\/strong><\/p>\n<p style=\"text-align: justify;\"><strong>Evet paras\u0131 olmayan insanlar daha \u00f6nemli haklardan da mahrumdurlar. \u00d6rne\u011fin sa\u011fl\u0131k; uygar bir toplumda ya\u015fayan her insan\u0131n belli bir s\u00fcre\u00e7ten ge\u00e7mesi gerekirken, biz var olan hastal\u0131\u011f\u0131m\u0131z\u0131n tedavisini zar, zor yapt\u0131r\u0131yoruz. Kimileri sofralar\u0131ndaki fazla miktardaki yiyecekleri \u00e7\u00f6pe atarken kimilerinin yiyeceklerini bu \u00e7\u00f6plerden topluyor olmas\u0131 kimin su\u00e7udur? Ve ya sosyal yard\u0131mla\u015fma fonundan tahsis edilen ve davul zurna ile da\u011f\u0131t\u0131<\/strong><\/p>\n<p style=\"text-align: justify;\"><strong><img decoding=\"async\" loading=\"lazy\" class=\"alignright size-medium wp-image-574\" style=\"border: 4px solid black; margin: 4px;\" title=\"Erdo\u011fan%Obama\" src=\"http:\/\/eurovizyon.de\/wp-content\/uploads\/2015\/05\/erdoganobama-300x241.png\" alt=\"Erdo\u011fan%Obama\" width=\"300\" height=\"241\" srcset=\"http:\/\/eurovizyon.de\/wp-content\/uploads\/2015\/05\/erdoganobama-300x241.png 300w, http:\/\/eurovizyon.de\/wp-content\/uploads\/2015\/05\/erdoganobama.png 560w\" sizes=\"(max-width: 300px) 100vw, 300px\" \/><\/strong><\/p>\n<p style=\"text-align: justify;\"><strong>lan yiyecek yard\u0131mlar\u0131n\u0131 almak mecburiyetinde b\u0131rak\u0131lm\u0131\u015fsak; ne kadar \u00f6zg\u00fcr say\u0131l\u0131r\u0131z? \u00d6rneklerin say\u0131s\u0131 daha da can al\u0131c\u0131 bi\u00e7imde artt\u0131r\u0131labilir. Onlarca y\u00fczlerce \u00e7e\u015fitli ba\u015fka ba\u015fka \u00f6rnekler sunulabilir. Benim g\u00f6rd\u00fc\u011f\u00fcm, b\u00fct\u00fcn bunlar \u00f6zg\u00fcr ya\u015fam\u0131n di\u011fer bir y\u00fcz\u00fc\u2026<\/strong><\/p>\n<p style=\"text-align: justify;\"><strong>Evet ya\u015fam\u0131n di\u011fer y\u00fcz\u00fc sizce nas\u0131l?\u2026 Di\u011fer bir tarafta durum ger\u00e7ekten \u00e7ok daha vahim. \u00c7\u00fcnk\u00fc \u00e7\u00f6z\u00fcm\u00fc yok! Mikrofonu al\u0131p \u00e7\u0131ksam, sokak, sokak dola\u015fsam ve sorsam kendini b\u00fcy\u00fck ihtimalle \u201c\u00f6zg\u00fcr\u201d olarak tan\u0131mlayacak gen\u00e7 arkada\u015flara;\u2026 Gece kul\u00fcplerinin kap\u0131s\u0131nda i\u00e7eriye girmek i\u00e7in kuyrukta beklemek nas\u0131l bir duygu? Kap\u0131daki g\u00f6revliye kendini be\u011fendirmeye \u00e7al\u0131\u015fmak, i\u00e7eri girmek i\u00e7in dil d\u00f6kmek nas\u0131l bir \u00f6zg\u00fcrl\u00fck hissi yarat\u0131yor b\u00fcnyelerinde acaba? Yoksa i\u00e7eri girenlere mi sormal\u0131 \u00f6zg\u00fcrl\u00fc\u011f\u00fc? Herhalde i\u00e7eride insan kendini daha \u00f6zg\u00fcr hisediyordur.&nbsp; Ayna ayna s\u00f6yle bana. <\/strong><!--more--><\/p>\n<p style=\"text-align: justify;\"><strong>Ev han\u0131mlar\u0131na sormak isterim; zaman herkes i\u00e7in oldu\u011fu kadar sizin i\u00e7in de \u00f6nemli olmal\u0131, \u00f6g\u00fcrl\u00fck anlay\u0131\u015f\u0131 \u00fclkemizde. Beyninizi uyu\u015fturan, size hi\u00e7 bir \u015fey katmayan de\u011ferli zaman\u0131n\u0131z\u0131 \u00e7alan, sizi bir odaya hapseden televizyon programlar\u0131n\u0131 seyrederken \u00f6zg\u00fcrl\u00fc\u011f\u00fcn\u00fczden vazge\u00e7ti\u011finizin fark\u0131ndam\u0131s\u0131n\u0131z? Hi\u00e7 zannetmiyorum. Yeni bir yemek \u00f6\u011frenmek, bir masa \u00f6rt\u00fcs\u00fc dikmek, ya da kim kiminle evlenmi\u015f, kim, hangi yar\u0131\u015fmada birinci olmu\u015f, kim kimin sevgilisini ayartm\u0131\u015f diziler gibi programlar\u0131 seyretmek yerine, kom\u015fular\u0131n\u0131zla sohbet etmek, kitap okumak, \u00e7e\u015fitli kurulu\u015flarda toplum yarar\u0131na olabilecek i\u015flere dahil olmak, kendinizi daha mutlu hissetmenize neden olmaz m\u0131 acaba?<\/strong><\/p>\n<p style=\"text-align: justify;\"><strong>Evet ya\u015fam\u0131n di\u011fer y\u00fcz\u00fcne g\u00f6re sizce\u2026 Di\u011fer bir tarafta durum ger\u00e7ekten bana g\u00f6re \u00e7ok daha vahim. \u00c7\u00fcnk\u00fc \u00e7\u00f6z\u00fcm\u00fc yok! Mikrofonu al\u0131p \u00e7\u0131ksam, sokak, sokak dola\u015fsam ve sorsam kendini b\u00fcy\u00fck ihtimalle \u201c\u00f6zg\u00fcr\u201d olarak tan\u0131mlayacak gen\u00e7 arkada\u015flara. Gece kul\u00fcplerinin kap\u0131s\u0131nda i\u00e7eriye girmek i\u00e7in kuyrukta beklemek nas\u0131l bir duygu? Kap\u0131daki g\u00f6revliye kendini be\u011fendirmeye \u00e7al\u0131\u015fmak, i\u00e7eri girmek i\u00e7in dil d\u00f6kmek nas\u0131l bir \u00f6zg\u00fcrl\u00fck hissi yarat\u0131yor b\u00fcnyelerinde acaba? Yoksa i\u00e7eri girenlere mi sormal\u0131 \u00f6zg\u00fcrl\u00fc\u011f\u00fc? Herhalde i\u00e7eride insan kendini daha \u00f6zg\u00fcr hisediyordur.&nbsp; Ayna ayna s\u00f6yle bana.<br \/>\n<\/strong><\/p>\n<p style=\"text-align: justify;\"><strong> Ev han\u0131mlar\u0131na sormak isterim; zaman herkes i\u00e7in oldu\u011fu kadar sizin i\u00e7in de \u00f6nemli olmal\u0131, \u00f6g\u00fcrl\u00fck anlay\u0131\u015f\u0131 \u00fclkemizde. Beyninizi uyu\u015fturan, size hi\u00e7 bir \u015fey katmayan de\u011ferli zaman\u0131n\u0131z\u0131 \u00e7alan, sizi bir odaya hapseden televizyon programlar\u0131n\u0131 seyrederken \u00f6zg\u00fcrl\u00fc\u011f\u00fcn\u00fczden vazge\u00e7ti\u011finizin fark\u0131ndam\u0131s\u0131n\u0131z? Hi\u00e7 zannetmiyorum. Yeni bir yemek \u00f6\u011frenmek, bir masa \u00f6rt\u00fcs\u00fc dikmek, ya da kim kiminle evlenmi\u015f, kim, hangi yar\u0131\u015fmada birinci olmu\u015f, kim kimin sevgilisini ayartm\u0131\u015f gibi programlar\u0131 seyretmek yerine, kom\u015fular\u0131n\u0131zla sohbet etmek, \u00e7e\u015fitli kurulu\u015flarda toplum yarar\u0131na olabilecek i\u015flere dahil olmak, kendinizi daha mutlu hissetmenize neden olmaz m\u0131 acaba?<\/strong><\/p>\n<p style=\"text-align: justify;\"><strong>\u0130htiyac\u0131 olmayan \u015feyleri sat\u0131n alan insanlara sormak isterim; 2009 krizinden sonra gelir d\u00fczeyleri olduk\u00e7a gerileyen herkes ihtiya\u00e7 d\u0131\u015f\u0131 al\u0131mlar\u0131n muhasebesini yapm\u0131\u015flarm\u0131d\u0131r dersiniz. Yoksa ayn\u0131 tas ayn\u0131 hamam misali d\u00fcnk\u00fc ya\u015famlar\u0131na devam etmektelermi? \u00dclkemizi y\u00f6netmeye talip olmu\u015f ve ba\u015farm\u0131\u015f, bu g\u00fcnk\u00fc y\u00f6netimin miras yedi politikas\u0131 ile kazanmad\u0131\u011f\u0131n\u0131z parayla ihtiyac\u0131n\u0131z olmayan mallar\u0131 sat\u0131n al\u0131rken kendinizi daha \u00f6zg\u00fcr hissetme oyunu mu oynuyorsunuz?<img decoding=\"async\" loading=\"lazy\" class=\"alignleft size-medium wp-image-599\" title=\"adalet\" src=\"http:\/\/eurovizyon.de\/wp-content\/uploads\/2015\/05\/adalet-300x256.jpg\" alt=\"adalet\" width=\"300\" height=\"256\" srcset=\"http:\/\/eurovizyon.de\/wp-content\/uploads\/2015\/05\/adalet-300x256.jpg 300w, http:\/\/eurovizyon.de\/wp-content\/uploads\/2015\/05\/adalet.jpg 650w\" sizes=\"(max-width: 300px) 100vw, 300px\" \/><\/strong><\/p>\n<p style=\"text-align: justify;\"><strong>Paket program halinde haz\u0131rlanan imajlar sat\u0131l\u0131yor insanlara; m\u00fczik t\u00fcr\u00fcyle, slogan\u0131yla, k\u0131l\u0131k k\u0131yafetiyle, hatta yiyece\u011fi, i\u00e7ece\u011fiyle, Ramazan ay\u0131n\u0131n bile iftar ve sahur yemeklerinde, \u015fucu, bucu oluyorsunuz. Sahur saatine kadar eylence. \u0130fatar sofralar\u0131 \u015fa\u015fal\u0131, ku\u015f s\u00fct\u00fc eksik ma\u015fallah. \u015eucular i\u00e7in Ramazan ay\u0131 kutsal, Bucular i\u00e7in Muharrem ay\u0131. Peki \u015fucu ve ya bucu olmayanlar ne oluyor bu \u00fclkede? <\/strong><\/p>\n<p style=\"text-align: justify;\"><strong>Adaletin yok oldu\u011fu, mahkemelerin siyasi kararlar verdi\u011fi, su\u00e7suz insanlar\u0131n y\u0131llarca tutukluluk ad\u0131 alt\u0131nda rehin al\u0131nd\u0131\u011f\u0131, \u015fanl\u0131 ordumuzun genarellerinin, subaylar\u0131n\u0131n, rehin al\u0131nd\u0131\u011f\u0131, \u00f6zg\u00fcr gazetecilik yapmak isteyen bireylerin, hapishanelere t\u0131k\u0131ld\u0131\u011f\u0131, \u00dclkemizin yeti\u015ftirdi\u011fi k\u0131ymetli bilim adamlar\u0131, \u00d6\u011fretmenler, ya\u015fam\u0131\u015f olduklar\u0131 siyasi tayinler neticesinde, ne yaz\u0131kki yava\u015f yava\u015f \u00f6zg\u00fcrl\u00fcklerinden vazge\u00e7iyorlar. <\/strong><\/p>\n<p style=\"text-align: justify;\"><strong>Tabi\u2018ki fark\u0131nda olmadan hatta kendini kand\u0131rarak \u00f6zg\u00fcr hissetmek ad\u0131na\u2026<\/strong><\/p>\n<p style=\"text-align: justify;\"><strong>Ortadaki b\u00fcy\u00fck bir tuza\u011f\u0131 g\u00f6remedik ne yaz\u0131kki g\u00f6rd\u00fc\u011f\u00fcm\u00fczde ge\u00e7 kal\u0131nm\u0131\u015f oldu\u011fumuzu anlad\u0131k. \u00c7ok d\u00fc\u015f\u00fcnme, etraf\u0131ndaki sorunlara kafa yorma, keyfine bak, bol t\u00fcket ancak b\u00f6yle \u00f6zg\u00fcr ve mutlu hissedebilirsin.\u201d d\u00fcsturu ile sonuna kadar aldat\u0131ld\u0131k. \u015eimdilerde T\u00fcrkiyede oynan oyunun bir ba\u015fka y\u00fcz\u00fc var. \u00d6zg\u00fcrle\u015fme ad\u0131 alt\u0131nda esir olmak gibi daha \u00e7ok t\u00fcketmek gibi ne pahas\u0131na olursa olsun t\u00fcketmek. i\u015fte Ya\u015fam\u0131n di\u011fer y\u00fcz\u00fc\u2026 Sizce de karanl\u0131k de\u011fil mi? Bu karanl\u0131\u011f\u0131 g\u00f6ren ve Gezi park\u0131 ile ba\u015flayan ayaklanman\u0131n ne kadar hakl\u0131 oldu\u011funu anlad\u0131k. Anlad\u0131k ta ne oldu. Daha fazla m\u0131 \u00f6zg\u00fcrle\u015ftik. Asl\u0131nda \u00f6zg\u00fcrl\u00fcklerimizden daha fazla taviz verdik. Mesela art\u0131k tencere tava ile m\u00fczik yapamazs\u0131n\u0131z. Protesto edemezsiniz.&nbsp;be\u015f ki\u015fi toplu olarak y\u00fcr\u00fcyemezsiniz. Bir parkta oturup sohpet bile edemezsiniz. Sevdi\u011finize sar\u0131l\u0131p bir k\u00f6\u015fede \u00f6pemezsiniz. Deniz kenar\u0131nda kendi denizinizi&nbsp;seyrederken bir bira i\u00e7emezsiniz. Makul \u015f\u00fcphe ad\u0131 alt\u0131ndak\u0131 ileri demokrasi yasas\u0131 varken, kendinizi her hangi bir nezarathanede bulursunuz.<\/strong><\/p>\n<p style=\"text-align: justify;\"><strong>Yabanc\u0131 turistler i\u00e7ebilir. Rahmetli ecevitin \u00e7\u0131kartt\u0131\u011f\u0131 yasan\u0131n k\u00f6k\u00fcne kibrit susyu ekip halka ait olan denizden y\u00fcz metre mesafedeki sahilleri kapatan otellerden \u015fikayet\u00e7i olamazs\u0131n\u0131z. Paran\u0131z yoksa halk plajlar\u0131nda bile denize giremezsiniz. Paran\u0131z yoksa yeterli e\u011fitim alma hakk\u0131n\u0131zda yoktur. Seyyahat \u00f6zg\u00fcrl\u00fc\u011f\u00fcn\u00fcz \u00e7ok uzun zamandan beri yoktur\u2019da, fark\u0131na bile varmam\u0131\u015fs\u0131n\u0131zd\u0131r. T\u00fcrkiye Cumhuriyetinin \u00d6zg\u00fcr bir bireyi olmak yerine \u00fcmmet olma yolunu se\u00e7erken nas\u0131l \u00f6zg\u00fcr oldu\u011funuza inanabilirsiniz. Paran\u0131z olsa bile bir pasaport alabilmek i\u00e7in iki ay beklemek mecburiyetinde b\u0131rak\u0131l\u0131yorsan\u0131z, Har\u00e7lar\u0131 yat\u0131rabilmek ad\u0131na en az\u0131ndan art\u0131 bir maa\u015f gerekti\u011fini biliyorsan\u0131z, \u00f6zg\u00fcrs\u00fcn\u00fcz demektir.<\/strong><\/p>\n<p style=\"text-align: justify;\"><strong>\u0130\u015fte; All\u0131 \u015fanl\u0131 milletim, bu da Demokratik \u00fclkemde ya\u015fam\u0131n bu g\u00fcnk\u00fc y\u00fcz\u00fc\u2026<\/strong><\/p>\n<p style=\"text-align: justify;\"><strong>Demmokratik a\u00e7\u0131l\u0131m, K\u00fcrt a\u00e7\u0131l\u0131m\u0131, Alevi a\u00e7\u0131l\u0131m\u0131, Roman vatanda\u015flara a\u00e7\u0131l\u0131m, a\u00e7\u0131l\u0131m \u00fczerine a\u00e7\u0131l\u0131m. Nas\u0131l oluyor da inan\u0131yoruz. \u0130nsan olman\u0131n erdemini unutmu\u015f, ve halk\u0131n\u0131 tekrardan \u00fcmmet konumuna getirmek isteyen bir iktidar var ba\u015f\u0131m\u0131zda. Ben ne dersem do\u011frudur. Biz \u00e7alarsak sorun yok , \u0130sraf dedi\u011finiz \u015fey azametimizi g\u00f6sterecek. Firavun kafas\u0131 s\u00f6yleyecek s\u00f6z bulam\u0131yorum. Bir tek \u015fey \u00d6zg\u00fcrl\u00fc\u011f\u00fc halk\u0131na \u00e7ok G\u00f6ren bir iktidar; K\u00fcrt karde\u015flerime hi\u00e7 bir \u015fey vermeyecektir. Ne yap\u0131p, ne edip, g\u00fcn\u00fcn birinde her diktat\u00f6r\u00fcn yapt\u0131\u011f\u0131 gibi toplu katliama karar verecektir. Bekleyin ve g\u00f6r\u00fcn.<\/strong><strong><img decoding=\"async\" loading=\"lazy\" class=\"alignright size-medium wp-image-605\" style=\"border: 4px solid black; margin: 4px;\" title=\"H\u00fck\u00fcmet-1\" src=\"http:\/\/eurovizyon.de\/wp-content\/uploads\/2015\/05\/H\u00fck\u00fcmet-1-300x264.jpg\" alt=\"H\u00fck\u00fcmet-1\" width=\"300\" height=\"264\" srcset=\"http:\/\/eurovizyon.de\/wp-content\/uploads\/2015\/05\/H\u00fck\u00fcmet-1-300x264.jpg 300w, http:\/\/eurovizyon.de\/wp-content\/uploads\/2015\/05\/H\u00fck\u00fcmet-1.jpg 634w\" sizes=\"(max-width: 300px) 100vw, 300px\" \/><\/strong><\/p>\n<p style=\"text-align: justify;\"><strong>Biliyorum sizler\u2019de benim gibi Kas\u0131mpa\u015fa delikanl\u0131s\u0131n\u0131n verdi\u011fi s\u00f6zlere inan\u0131p onu destekleyip hayalk\u0131r\u0131kl\u0131\u011f\u0131 ya\u015fayanlardanm\u0131s\u0131n\u0131z? \u0130lk iktidara geldi\u011finde, Yasalar\u0131 Avrupa m\u00fcktesebat\u0131 ile bire bir de\u011fi\u015ftiren, \u0130leri Demokrasi vaatleri ile a\u011fz\u0131m\u0131za bir parmak bal \u00e7alarak herkesi kand\u0131ran i\u015fine gelmeyen yaslar\u0131 kendi, ve yanda\u015flar\u0131 yarar\u0131na de\u011fi\u015ftiren. Anne ve Babas\u0131n\u0131n mezar ta\u015f\u0131na bile alt\u0131n vataklarla ayet yazd\u0131ran Kas\u0131mpa\u015fa karunu sizce yeterli derecede karanl\u0131k de\u011filmi? \u00d6zg\u00fcrl\u00fck ad\u0131na sat\u0131lan \u00fclkemin isanlar\u0131 ne yaz\u0131k\u2019ki \u00d6zg\u00fcrl\u00fck ad\u0131na her ge\u00e7en g\u00fcn \u00f6zg\u00fcrl\u00fc\u011f\u00fcn\u00fczden yava\u015f yava\u015f vaz ge\u00e7ti\u011finizi g\u00f6rm\u00fcyormusu<\/strong><strong>nuz? Polyana gibi \u201dAd\u0131 \u00d6zg\u00fcrl\u00fck hi\u00e7 olmad\u0131\u011f\u0131m\u0131z kadar diyerek mutluluk oyunumu mu oynuyorsunuz.\u201d<\/strong><\/p>\n<p style=\"text-align: justify;\"><strong>Her allah\u0131n g\u00fcn\u00fc Televizyonlar\u0131n\u0131z\u0131 a\u00e7t\u0131\u011f\u0131n\u0131zda, ya Kas\u0131mpa\u015fa delikanl\u0131s\u0131, ya da dubl\u00f6r\u00fc Ahmet Pa\u015fay\u0131 dinlemekten b\u0131kmad\u0131n\u0131zm\u0131! S\u00f6yledikleri her s\u00f6z\u00fcn ard\u0131nda siz \u00f6zg\u00fcr yurtta\u015flar\u0131m\u0131 sindirmeye \u00e7al\u0131\u015fan, i\u015fte sap\u0131, i\u015fte kap\u0131, Ya tarafs\u0131n, ya bertaraf. Biz gidersek batars\u0131n\u0131z gibi laflardan b\u0131kt\u0131m usand\u0131m art\u0131k. Yeter lan biz zaten batm\u0131\u015f\u0131z bataca\u011f\u0131m\u0131z kadar. 849 TL emekli maa\u015f\u0131 ile koca bir ay ge\u00e7iriyoruz. Ye ye bitiremiyoruz. Bir kere da<\/strong><strong>ha batacak <\/strong><strong>halimiz yok len. Berteraf olmay\u0131 deneyece\u011fim bu sefer A\u2026.K\u2026. o da m\u0131 su\u00e7. Dienleri g\u00f6r\u00fcr gibi oluyorum.<\/strong><\/p>\n<p style=\"text-align: justify;\"><strong>Kos koca AKP sine bu kadar \u015ferefli, haysiyetli, dini b\u00fct\u00fcn insan nas\u0131l toplanm\u0131\u015f, hayret ediyorum. Y\u00fcce Tanr\u0131ma bir az olsun inanc\u0131m vard\u0131, sayelerinde o da sars\u0131ld\u0131 len. Otomatik el kald\u0131r\u0131p indirme makinalar\u0131. Kuran\u2019da yasak olan ne varsa sizde. Yalanc\u0131l\u0131k sizde. D\u00fczenbazl\u0131k sizde. Arkadan vurma sizde. H\u0131rs\u0131zl\u0131k sizde, Adam kay\u0131rma sizde. Adama G\u00f6re yasa \u00e7\u0131kartmak sizde. \u015eeytana bile pabucunu ters giydirmek sizde. \u0130hanet sizde. Sonradan g\u00f6rme olmak sizde. Ahlaks\u0131zl\u0131k sizde. \u0130sraf sizde, Yetim hakk\u0131, kul hakk\u0131n\u0131, yemek sizde. Arap \u015eeyhleri gibi, Halk\u0131n \u00f6n\u00fcnde elinde Kuran, M\u00fcsl\u00fcman, kapal\u0131 kap\u0131lar ard\u0131nda Firavun kesilenler.<\/strong><\/p>\n<p style=\"text-align: justify;\"><strong>A\u00e7 g\u00f6z\u00fcn\u00fc ey \u00fcreten halk\u0131m, Emeklim, Fakirim, Gen\u00e7lerim, Harama hileye tevess\u00fcl etmeden \u00e7al\u0131\u015fan, emek\u00e7i karde\u015flerim. Haysiyetli \u015ferefli Memurlar\u0131m, Se\u00e7im sand\u0131\u011f\u0131nda bir sen, bir de y\u00fcce Rabbim var yan\u0131nda. Oyunu kime atarsan at. Kurtulsun \u015fu g\u00fczel, ya\u015fanas\u0131 \u00fclkem, bu Fravunlardan. B\u00fcy\u00fck \u015eaair Naz\u0131m Hikmetin m\u0131sralar\u0131 ile bitirmek istiyorum yaz\u0131m\u0131. <\/strong><\/p>\n<h2><strong>Ya\u015famak bir a\u011fa\u00e7 gibi tek ve h\u00fcr ve bir orman gibi karde\u015f\u00e7esine,<\/strong><\/h2>\n<h3 style=\"text-align: justify;\"><strong>Sayg\u0131lar\u0131mla<\/strong><\/h3>\n<p style=\"text-align: justify;\"><strong>Mehmet Tevfik \u00d6zkartal<\/strong><\/p>\n<p style=\"text-align: justify;\"><strong>14.05.2014 N\u00fcrnberg<\/strong><\/p>\n","protected":false},"excerpt":{"rendered":"<p>Paket programlar halinde haz\u0131rlanan imajlar sat\u0131l\u0131yor bu \u00fclkede insanlara; Bir k\u0131sm\u0131 Bir elinde Kuran, di\u011fer elinde haram lokma tutan.&nbsp;Bir k\u0131sm\u0131 d\u00fcne kadar, Milliyet\u00e7iyim diyerek be\u015f y\u0131l boyunca, AKP ye koltuk de\u011fne\u011fi olan. Di\u011fer bir k\u0131sm\u0131 ba\u015fka tarafta sloganlar\u0131yla, k\u0131l\u0131k k\u0131yafetleriyle, &hellip; <a href=\"http:\/\/eurovizyon.de\/?p=570\">Okumaya devam et <span class=\"meta-nav\">&rarr;<\/span><\/a><\/p>\n","protected":false},"author":1,"featured_media":0,"comment_status":"open","ping_status":"open","sticky":false,"template":"","format":"standard","meta":[],"categories":[1,3,75],"tags":[],"_links":{"self":[{"href":"http:\/\/eurovizyon.de\/index.php?rest_route=\/wp\/v2\/posts\/570"}],"collection":[{"href":"http:\/\/eurovizyon.de\/index.php?rest_route=\/wp\/v2\/posts"}],"about":[{"href":"http:\/\/eurovizyon.de\/index.php?rest_route=\/wp\/v2\/types\/post"}],"author":[{"embeddable":true,"href":"http:\/\/eurovizyon.de\/index.php?rest_route=\/wp\/v2\/users\/1"}],"replies":[{"embeddable":true,"href":"http:\/\/eurovizyon.de\/index.php?rest_route=%2Fwp%2Fv2%2Fcomments&post=570"}],"version-history":[{"count":49,"href":"http:\/\/eurovizyon.de\/index.php?rest_route=\/wp\/v2\/posts\/570\/revisions"}],"predecessor-version":[{"id":3337,"href":"http:\/\/eurovizyon.de\/index.php?rest_route=\/wp\/v2\/posts\/570\/revisions\/3337"}],"wp:attachment":[{"href":"http:\/\/eurovizyon.de\/index.php?rest_route=%2Fwp%2Fv2%2Fmedia&parent=570"}],"wp:term":[{"taxonomy":"category","embeddable":true,"href":"http:\/\/eurovizyon.de\/index.php?rest_route=%2Fwp%2Fv2%2Fcategories&post=570"},{"taxonomy":"post_tag","embeddable":true,"href":"http:\/\/eurovizyon.de\/index.php?rest_route=%2Fwp%2Fv2%2Ftags&post=570"}],"curies":[{"name":"wp","href":"https:\/\/api.w.org\/{rel}","templated":true}]}}